{"id":4567,"date":"2017-09-04T14:46:05","date_gmt":"2017-09-04T13:46:05","guid":{"rendered":"https:\/\/pro.ba\/?p=4567"},"modified":"2022-12-17T12:55:33","modified_gmt":"2022-12-17T11:55:33","slug":"sarajvo","status":"publish","type":"post","link":"https:\/\/pro.ba\/en\/films-and-drama-series\/sarajvo\/","title":{"rendered":"Saraj&#8217;vo"},"content":{"rendered":"<h3>Synopsis<\/h3>\n<p>SARAJ\u2019VO describes the real scale of the capital of Bosnia and Herzegovina, its seductive spirit and the scope of the microcosm that it borders. Mustafa Mustafic, the legendary cameraman, filmed this dedication to the city where he spent his life. SARAJ\u2019VO sums up everything about this very unusual environment, together with its inhabitants, guests and tourists.<\/p>\n<h3>Nominations and awards<\/h3>\n<ul>\n<li>The European Federation of Cinematographers IMAGO 2017 \u2013 IMAGO Award \u2013 Nominee<\/li>\n<li>BalKam Festival 2018 \u2013 Official Selection<\/li>\n<\/ul>\n<h3>Crew<\/h3>\n<ul>\n<li><strong>Director and <\/strong><strong>scriptwriter<\/strong>: Mustafa Mustafi\u0107<\/li>\n<li><strong>Cinematography<\/strong>: Almir \u0110ikoli, Faris Dobra\u010da, Mustafa Mustafi\u0107<\/li>\n<li><strong>Editing<\/strong>: Miralem Zub\u010devi\u0107<\/li>\n<li><strong>Production design<\/strong>: Myrte Beltman<\/li>\n<li><strong>Costume design<\/strong>: Nedda Nagel<\/li>\n<li><strong>Sound design<\/strong>: Igor \u010camo<\/li>\n<li><strong>Original music<\/strong>: Damir Imamovi\u0107<\/li>\n<li><strong>Producers<\/strong>: Amra Bak\u0161i\u0107 \u010camo<\/li>\n<li><strong>Production<\/strong>: SCCA\/pro.ba<\/li>\n<li><strong>Co-production<\/strong>: PANGLAS<\/li>\n<\/ul>\n<h3>Technical specifications<\/h3>\n<ul>\n<li>Documentary feature<\/li>\n<li><strong>Year of production<\/strong>: 2017<\/li>\n<li><strong>Genre<\/strong>: Documentary<\/li>\n<li><strong>Format<\/strong>: DCP\/HD\/16:9\/5.1 audio mix, black and white<\/li>\n<li><strong>Runtime<\/strong>: 57\u2019<\/li>\n<li><strong>Language<\/strong>: Bosnian<\/li>\n<li><strong>Countries<\/strong>: Bosnia and Herzegovina<\/li>\n<\/ul>\n<h3><a href=\"https:\/\/www.imdb.com\/title\/tt7631314\/?ref_=ttpl_pl_tt\">IMDB<\/a> tt7631314<\/h3>\n<h3>Film trailer<\/h3>\n<p><a href=\"https:\/\/www.youtube.com\/watch?v=yw8DC8u98_E\">https:\/\/www.youtube.com\/watch?v=yw8DC8u98_E<\/a><\/p>\n","protected":false},"excerpt":{"rendered":"<p>SARAJ\u2019VO describes the real scale of the capital of Bosnia and Herzegovina, its seductive spirit and the scope of the microcosm that it borders. Mustafa Mustafic, the legendary cameraman, filmed this dedication to the city where he spent his life. SARAJ\u2019VO sums up everything about this very unusual environment, together with its inhabitants, guests and tourists.<\/p>\n","protected":false},"author":4,"featured_media":3467,"comment_status":"closed","ping_status":"closed","sticky":false,"template":"","format":"standard","meta":{"_acf_changed":false,"_monsterinsights_skip_tracking":false,"_monsterinsights_sitenote_active":false,"_monsterinsights_sitenote_note":"","_monsterinsights_sitenote_category":0,"footnotes":""},"categories":[49],"tags":[],"class_list":["post-4567","post","type-post","status-publish","format-standard","has-post-thumbnail","hentry","category-films-and-drama-series"],"acf":[],"yoast_head":"<!-- This site is optimized with the Yoast SEO plugin v23.4 - https:\/\/yoast.com\/wordpress\/plugins\/seo\/ -->\n<title>Saraj&#039;vo - pro.ba<\/title>\n<meta name=\"robots\" content=\"index, follow, max-snippet:-1, max-image-preview:large, max-video-preview:-1\" \/>\n<link rel=\"canonical\" href=\"https:\/\/pro.ba\/en\/films-and-drama-series\/sarajvo\/\" \/>\n<meta property=\"og:locale\" content=\"en_US\" \/>\n<meta property=\"og:type\" content=\"article\" \/>\n<meta property=\"og:title\" content=\"Saraj&#039;vo - pro.ba\" \/>\n<meta property=\"og:description\" content=\"SARAJ\u2019VO describes the real scale of the capital of Bosnia and Herzegovina, its seductive spirit and the scope of the microcosm that it borders. Mustafa Mustafic, the legendary cameraman, filmed this dedication to the city where he spent his life. SARAJ\u2019VO sums up everything about this very unusual environment, together with its inhabitants, guests and tourists.\" \/>\n<meta property=\"og:url\" content=\"https:\/\/pro.ba\/en\/films-and-drama-series\/sarajvo\/\" \/>\n<meta property=\"og:site_name\" content=\"pro.ba\" \/>\n<meta property=\"article:publisher\" content=\"https:\/\/www.facebook.com\/SCCApro.ba\" \/>\n<meta property=\"article:published_time\" content=\"2017-09-04T13:46:05+00:00\" \/>\n<meta property=\"article:modified_time\" content=\"2022-12-17T11:55:33+00:00\" \/>\n<meta property=\"og:image\" content=\"https:\/\/pro.ba\/app\/uploads\/2017\/09\/sarajvo_poster_web.jpg\" \/>\n\t<meta property=\"og:image:width\" content=\"900\" \/>\n\t<meta property=\"og:image:height\" content=\"1339\" \/>\n\t<meta property=\"og:image:type\" content=\"image\/jpeg\" \/>\n<meta name=\"author\" content=\"enes\" \/>\n<meta name=\"twitter:card\" content=\"summary_large_image\" \/>\n<meta name=\"twitter:label1\" content=\"Written by\" \/>\n\t<meta name=\"twitter:data1\" content=\"enes\" \/>\n\t<meta name=\"twitter:label2\" content=\"Est. reading time\" \/>\n\t<meta name=\"twitter:data2\" content=\"1 minute\" \/>\n<script type=\"application\/ld+json\" class=\"yoast-schema-graph\">{\"@context\":\"https:\/\/schema.org\",\"@graph\":[{\"@type\":\"Article\",\"@id\":\"https:\/\/pro.ba\/en\/films-and-drama-series\/sarajvo\/#article\",\"isPartOf\":{\"@id\":\"https:\/\/pro.ba\/en\/films-and-drama-series\/sarajvo\/\"},\"author\":{\"name\":\"enes\",\"@id\":\"https:\/\/pro.ba\/#\/schema\/person\/5710f551d61e1fc28f5915a0b0cca91b\"},\"headline\":\"Saraj&#8217;vo\",\"datePublished\":\"2017-09-04T13:46:05+00:00\",\"dateModified\":\"2022-12-17T11:55:33+00:00\",\"mainEntityOfPage\":{\"@id\":\"https:\/\/pro.ba\/en\/films-and-drama-series\/sarajvo\/\"},\"wordCount\":160,\"publisher\":{\"@id\":\"https:\/\/pro.ba\/#organization\"},\"image\":{\"@id\":\"https:\/\/pro.ba\/en\/films-and-drama-series\/sarajvo\/#primaryimage\"},\"thumbnailUrl\":\"https:\/\/pro.ba\/app\/uploads\/2017\/09\/sarajvo_poster_web.jpg\",\"articleSection\":[\"Films and Drama Series\"],\"inLanguage\":\"en-US\"},{\"@type\":\"WebPage\",\"@id\":\"https:\/\/pro.ba\/en\/films-and-drama-series\/sarajvo\/\",\"url\":\"https:\/\/pro.ba\/en\/films-and-drama-series\/sarajvo\/\",\"name\":\"Saraj'vo - pro.ba\",\"isPartOf\":{\"@id\":\"https:\/\/pro.ba\/#website\"},\"primaryImageOfPage\":{\"@id\":\"https:\/\/pro.ba\/en\/films-and-drama-series\/sarajvo\/#primaryimage\"},\"image\":{\"@id\":\"https:\/\/pro.ba\/en\/films-and-drama-series\/sarajvo\/#primaryimage\"},\"thumbnailUrl\":\"https:\/\/pro.ba\/app\/uploads\/2017\/09\/sarajvo_poster_web.jpg\",\"datePublished\":\"2017-09-04T13:46:05+00:00\",\"dateModified\":\"2022-12-17T11:55:33+00:00\",\"breadcrumb\":{\"@id\":\"https:\/\/pro.ba\/en\/films-and-drama-series\/sarajvo\/#breadcrumb\"},\"inLanguage\":\"en-US\",\"potentialAction\":[{\"@type\":\"ReadAction\",\"target\":[\"https:\/\/pro.ba\/en\/films-and-drama-series\/sarajvo\/\"]}]},{\"@type\":\"ImageObject\",\"inLanguage\":\"en-US\",\"@id\":\"https:\/\/pro.ba\/en\/films-and-drama-series\/sarajvo\/#primaryimage\",\"url\":\"https:\/\/pro.ba\/app\/uploads\/2017\/09\/sarajvo_poster_web.jpg\",\"contentUrl\":\"https:\/\/pro.ba\/app\/uploads\/2017\/09\/sarajvo_poster_web.jpg\",\"width\":900,\"height\":1339},{\"@type\":\"BreadcrumbList\",\"@id\":\"https:\/\/pro.ba\/en\/films-and-drama-series\/sarajvo\/#breadcrumb\",\"itemListElement\":[{\"@type\":\"ListItem\",\"position\":1,\"name\":\"Home\",\"item\":\"https:\/\/pro.ba\/\"},{\"@type\":\"ListItem\",\"position\":2,\"name\":\"Films and Drama Series\",\"item\":\"https:\/\/pro.ba\/en\/category\/films-and-drama-series\/\"},{\"@type\":\"ListItem\",\"position\":3,\"name\":\"Saraj&#8217;vo\"}]},{\"@type\":\"WebSite\",\"@id\":\"https:\/\/pro.ba\/#website\",\"url\":\"https:\/\/pro.ba\/\",\"name\":\"pro.ba\",\"description\":\"Sarajevo Center for Contemporary Arts\",\"publisher\":{\"@id\":\"https:\/\/pro.ba\/#organization\"},\"potentialAction\":[{\"@type\":\"SearchAction\",\"target\":{\"@type\":\"EntryPoint\",\"urlTemplate\":\"https:\/\/pro.ba\/?s={search_term_string}\"},\"query-input\":{\"@type\":\"PropertyValueSpecification\",\"valueRequired\":true,\"valueName\":\"search_term_string\"}}],\"inLanguage\":\"en-US\"},{\"@type\":\"Organization\",\"@id\":\"https:\/\/pro.ba\/#organization\",\"name\":\"pro.ba\",\"url\":\"https:\/\/pro.ba\/\",\"logo\":{\"@type\":\"ImageObject\",\"inLanguage\":\"en-US\",\"@id\":\"https:\/\/pro.ba\/#\/schema\/logo\/image\/\",\"url\":\"https:\/\/pro.ba\/app\/uploads\/2022\/12\/proba-profile.png\",\"contentUrl\":\"https:\/\/pro.ba\/app\/uploads\/2022\/12\/proba-profile.png\",\"width\":1601,\"height\":900,\"caption\":\"pro.ba\"},\"image\":{\"@id\":\"https:\/\/pro.ba\/#\/schema\/logo\/image\/\"},\"sameAs\":[\"https:\/\/www.facebook.com\/SCCApro.ba\"]},{\"@type\":\"Person\",\"@id\":\"https:\/\/pro.ba\/#\/schema\/person\/5710f551d61e1fc28f5915a0b0cca91b\",\"name\":\"enes\",\"image\":{\"@type\":\"ImageObject\",\"inLanguage\":\"en-US\",\"@id\":\"https:\/\/pro.ba\/#\/schema\/person\/image\/\",\"url\":\"https:\/\/secure.gravatar.com\/avatar\/741aab2815c590e9263e2463327f911c?s=96&d=mm&r=g\",\"contentUrl\":\"https:\/\/secure.gravatar.com\/avatar\/741aab2815c590e9263e2463327f911c?s=96&d=mm&r=g\",\"caption\":\"enes\"},\"sameAs\":[\"http:\/\/bezbeli.ba\"],\"url\":\"https:\/\/pro.ba\/en\/author\/enes\/\"}]}<\/script>\n<!-- \/ Yoast SEO plugin. -->","yoast_head_json":{"title":"Saraj'vo - pro.ba","robots":{"index":"index","follow":"follow","max-snippet":"max-snippet:-1","max-image-preview":"max-image-preview:large","max-video-preview":"max-video-preview:-1"},"canonical":"https:\/\/pro.ba\/en\/films-and-drama-series\/sarajvo\/","og_locale":"en_US","og_type":"article","og_title":"Saraj'vo - pro.ba","og_description":"SARAJ\u2019VO describes the real scale of the capital of Bosnia and Herzegovina, its seductive spirit and the scope of the microcosm that it borders. Mustafa Mustafic, the legendary cameraman, filmed this dedication to the city where he spent his life. SARAJ\u2019VO sums up everything about this very unusual environment, together with its inhabitants, guests and tourists.","og_url":"https:\/\/pro.ba\/en\/films-and-drama-series\/sarajvo\/","og_site_name":"pro.ba","article_publisher":"https:\/\/www.facebook.com\/SCCApro.ba","article_published_time":"2017-09-04T13:46:05+00:00","article_modified_time":"2022-12-17T11:55:33+00:00","og_image":[{"width":900,"height":1339,"url":"https:\/\/pro.ba\/app\/uploads\/2017\/09\/sarajvo_poster_web.jpg","type":"image\/jpeg"}],"author":"enes","twitter_card":"summary_large_image","twitter_misc":{"Written by":"enes","Est. reading time":"1 minute"},"schema":{"@context":"https:\/\/schema.org","@graph":[{"@type":"Article","@id":"https:\/\/pro.ba\/en\/films-and-drama-series\/sarajvo\/#article","isPartOf":{"@id":"https:\/\/pro.ba\/en\/films-and-drama-series\/sarajvo\/"},"author":{"name":"enes","@id":"https:\/\/pro.ba\/#\/schema\/person\/5710f551d61e1fc28f5915a0b0cca91b"},"headline":"Saraj&#8217;vo","datePublished":"2017-09-04T13:46:05+00:00","dateModified":"2022-12-17T11:55:33+00:00","mainEntityOfPage":{"@id":"https:\/\/pro.ba\/en\/films-and-drama-series\/sarajvo\/"},"wordCount":160,"publisher":{"@id":"https:\/\/pro.ba\/#organization"},"image":{"@id":"https:\/\/pro.ba\/en\/films-and-drama-series\/sarajvo\/#primaryimage"},"thumbnailUrl":"https:\/\/pro.ba\/app\/uploads\/2017\/09\/sarajvo_poster_web.jpg","articleSection":["Films and Drama Series"],"inLanguage":"en-US"},{"@type":"WebPage","@id":"https:\/\/pro.ba\/en\/films-and-drama-series\/sarajvo\/","url":"https:\/\/pro.ba\/en\/films-and-drama-series\/sarajvo\/","name":"Saraj'vo - pro.ba","isPartOf":{"@id":"https:\/\/pro.ba\/#website"},"primaryImageOfPage":{"@id":"https:\/\/pro.ba\/en\/films-and-drama-series\/sarajvo\/#primaryimage"},"image":{"@id":"https:\/\/pro.ba\/en\/films-and-drama-series\/sarajvo\/#primaryimage"},"thumbnailUrl":"https:\/\/pro.ba\/app\/uploads\/2017\/09\/sarajvo_poster_web.jpg","datePublished":"2017-09-04T13:46:05+00:00","dateModified":"2022-12-17T11:55:33+00:00","breadcrumb":{"@id":"https:\/\/pro.ba\/en\/films-and-drama-series\/sarajvo\/#breadcrumb"},"inLanguage":"en-US","potentialAction":[{"@type":"ReadAction","target":["https:\/\/pro.ba\/en\/films-and-drama-series\/sarajvo\/"]}]},{"@type":"ImageObject","inLanguage":"en-US","@id":"https:\/\/pro.ba\/en\/films-and-drama-series\/sarajvo\/#primaryimage","url":"https:\/\/pro.ba\/app\/uploads\/2017\/09\/sarajvo_poster_web.jpg","contentUrl":"https:\/\/pro.ba\/app\/uploads\/2017\/09\/sarajvo_poster_web.jpg","width":900,"height":1339},{"@type":"BreadcrumbList","@id":"https:\/\/pro.ba\/en\/films-and-drama-series\/sarajvo\/#breadcrumb","itemListElement":[{"@type":"ListItem","position":1,"name":"Home","item":"https:\/\/pro.ba\/"},{"@type":"ListItem","position":2,"name":"Films and Drama Series","item":"https:\/\/pro.ba\/en\/category\/films-and-drama-series\/"},{"@type":"ListItem","position":3,"name":"Saraj&#8217;vo"}]},{"@type":"WebSite","@id":"https:\/\/pro.ba\/#website","url":"https:\/\/pro.ba\/","name":"pro.ba","description":"Sarajevo Center for Contemporary Arts","publisher":{"@id":"https:\/\/pro.ba\/#organization"},"potentialAction":[{"@type":"SearchAction","target":{"@type":"EntryPoint","urlTemplate":"https:\/\/pro.ba\/?s={search_term_string}"},"query-input":{"@type":"PropertyValueSpecification","valueRequired":true,"valueName":"search_term_string"}}],"inLanguage":"en-US"},{"@type":"Organization","@id":"https:\/\/pro.ba\/#organization","name":"pro.ba","url":"https:\/\/pro.ba\/","logo":{"@type":"ImageObject","inLanguage":"en-US","@id":"https:\/\/pro.ba\/#\/schema\/logo\/image\/","url":"https:\/\/pro.ba\/app\/uploads\/2022\/12\/proba-profile.png","contentUrl":"https:\/\/pro.ba\/app\/uploads\/2022\/12\/proba-profile.png","width":1601,"height":900,"caption":"pro.ba"},"image":{"@id":"https:\/\/pro.ba\/#\/schema\/logo\/image\/"},"sameAs":["https:\/\/www.facebook.com\/SCCApro.ba"]},{"@type":"Person","@id":"https:\/\/pro.ba\/#\/schema\/person\/5710f551d61e1fc28f5915a0b0cca91b","name":"enes","image":{"@type":"ImageObject","inLanguage":"en-US","@id":"https:\/\/pro.ba\/#\/schema\/person\/image\/","url":"https:\/\/secure.gravatar.com\/avatar\/741aab2815c590e9263e2463327f911c?s=96&d=mm&r=g","contentUrl":"https:\/\/secure.gravatar.com\/avatar\/741aab2815c590e9263e2463327f911c?s=96&d=mm&r=g","caption":"enes"},"sameAs":["http:\/\/bezbeli.ba"],"url":"https:\/\/pro.ba\/en\/author\/enes\/"}]}},"fimg_url":"https:\/\/pro.ba\/app\/uploads\/2017\/09\/sarajvo_poster_web-400x280.jpg","_links":{"self":[{"href":"https:\/\/pro.ba\/en\/wp-json\/wp\/v2\/posts\/4567"}],"collection":[{"href":"https:\/\/pro.ba\/en\/wp-json\/wp\/v2\/posts"}],"about":[{"href":"https:\/\/pro.ba\/en\/wp-json\/wp\/v2\/types\/post"}],"author":[{"embeddable":true,"href":"https:\/\/pro.ba\/en\/wp-json\/wp\/v2\/users\/4"}],"replies":[{"embeddable":true,"href":"https:\/\/pro.ba\/en\/wp-json\/wp\/v2\/comments?post=4567"}],"version-history":[{"count":3,"href":"https:\/\/pro.ba\/en\/wp-json\/wp\/v2\/posts\/4567\/revisions"}],"predecessor-version":[{"id":4762,"href":"https:\/\/pro.ba\/en\/wp-json\/wp\/v2\/posts\/4567\/revisions\/4762"}],"wp:featuredmedia":[{"embeddable":true,"href":"https:\/\/pro.ba\/en\/wp-json\/wp\/v2\/media\/3467"}],"wp:attachment":[{"href":"https:\/\/pro.ba\/en\/wp-json\/wp\/v2\/media?parent=4567"}],"wp:term":[{"taxonomy":"category","embeddable":true,"href":"https:\/\/pro.ba\/en\/wp-json\/wp\/v2\/categories?post=4567"},{"taxonomy":"post_tag","embeddable":true,"href":"https:\/\/pro.ba\/en\/wp-json\/wp\/v2\/tags?post=4567"}],"curies":[{"name":"wp","href":"https:\/\/api.w.org\/{rel}","templated":true}]}}