{"id":2002,"date":"2008-02-15T14:57:36","date_gmt":"2008-02-15T13:57:36","guid":{"rendered":"https:\/\/pro.ba\/this-day-in-history\/"},"modified":"2022-12-17T14:32:38","modified_gmt":"2022-12-17T13:32:38","slug":"this-day-in-history","status":"publish","type":"post","link":"https:\/\/pro.ba\/en\/films-and-drama-series\/this-day-in-history\/","title":{"rendered":"This Day in History"},"content":{"rendered":"<h3>Synopsis<\/h3>\n<p>It was the day when the idea of civil society in Bosnia and Herzegovina was both born and killed at the same time. It was a unique moment of triumph of civic consciousness that recognized the danger of a vampiric nationalism that was rapidly arming itself. However, the hope the citizens in the Assembly gave to their homeland was short-lived and was trampled on that same day. Almost seventeen years later, it seems like the right time to investigate the crime that occured on April 5th. What actually happened on this day? Were the events in front of the Assembly an organized civil action or a spontaneous gathering of concerned individuals aware of the ruin that B&amp;H is heading towards? Was this act doomed in advance? How honest was it really?<\/p>\n<h3>Crew<\/h3>\n<ul>\n<li><strong>Directors and scriptwriters<\/strong>: Zoran \u0106ati\u0107, Sead Kre\u0161evljakovi\u0107, Miroslav \u017divanovi\u0107<\/li>\n<li><strong>Director of Photography<\/strong>: Mustafa Mustafi\u0107<\/li>\n<li><strong>Editing<\/strong>: Red\u017einald \u0160imek<\/li>\n<li><strong>Make-up<\/strong>: Lamija Had\u017eihasanovi\u0107 Homarac<\/li>\n<li><strong>Sound design<\/strong>: Igor \u010camo<\/li>\n<li><strong>Producers<\/strong>: Amra Bak\u0161i\u0107 \u010camo<\/li>\n<li><strong>Production<\/strong>: SCCA\/pro.ba, Videoarhiv, BHT arhiv<\/li>\n<\/ul>\n<h3>Technical specifications<\/h3>\n<ul>\n<li>Documentary short<\/li>\n<li><strong>Year of production<\/strong>: 2008<\/li>\n<li><strong>Genre<\/strong>: Documentary<\/li>\n<li><strong>Format<\/strong>: Beta SP, Color<\/li>\n<li><strong>Runtime<\/strong>: 52\u2019<\/li>\n<li><strong>Language<\/strong>: Bosnian<\/li>\n<li><strong>Countries<\/strong>: Bosnia and Herzegovina<\/li>\n<\/ul>\n<h3><a href=\"https:\/\/www.imdb.com\/title\/tt11281904\/?ref_=ttfc_fc_tt\">IMDB<\/a> tt11281904<\/h3>\n","protected":false},"excerpt":{"rendered":"<p>It was the day when the idea of civil society in Bosnia and Herzegovina was both born and killed at the same time. It was a unique moment of triumph of civic consciousness that recognized the danger of a vampiric nationalism that was rapidly arming itself. However, the hope the citizens in the Assembly gave to their homeland was short-lived and was trampled on that same day. Almost seventeen years later, it seems like the right time to investigate the crime that occured on April 5th. What actually happened on this day? Were the events in front of the Assembly an organized civil action or a spontaneous gathering of concerned individuals aware of the ruin that B&#038;H is heading towards? Was this act doomed in advance? How honest was it really?<\/p>\n","protected":false},"author":5,"featured_media":1368,"comment_status":"closed","ping_status":"closed","sticky":false,"template":"","format":"standard","meta":{"_acf_changed":false,"_monsterinsights_skip_tracking":false,"_monsterinsights_sitenote_active":false,"_monsterinsights_sitenote_note":"","_monsterinsights_sitenote_category":0,"footnotes":""},"categories":[49],"tags":[],"class_list":["post-2002","post","type-post","status-publish","format-standard","has-post-thumbnail","hentry","category-films-and-drama-series"],"acf":[],"yoast_head":"<!-- This site is optimized with the Yoast SEO plugin v23.4 - https:\/\/yoast.com\/wordpress\/plugins\/seo\/ -->\n<title>This Day in History - pro.ba<\/title>\n<meta name=\"robots\" content=\"index, follow, max-snippet:-1, max-image-preview:large, max-video-preview:-1\" \/>\n<link rel=\"canonical\" href=\"https:\/\/pro.ba\/en\/films-and-drama-series\/this-day-in-history\/\" \/>\n<meta property=\"og:locale\" content=\"en_US\" \/>\n<meta property=\"og:type\" content=\"article\" \/>\n<meta property=\"og:title\" content=\"This Day in History - pro.ba\" \/>\n<meta property=\"og:description\" content=\"It was the day when the idea of civil society in Bosnia and Herzegovina was both born and killed at the same time. It was a unique moment of triumph of civic consciousness that recognized the danger of a vampiric nationalism that was rapidly arming itself. However, the hope the citizens in the Assembly gave to their homeland was short-lived and was trampled on that same day. Almost seventeen years later, it seems like the right time to investigate the crime that occured on April 5th. What actually happened on this day? Were the events in front of the Assembly an organized civil action or a spontaneous gathering of concerned individuals aware of the ruin that B&amp;H is heading towards? Was this act doomed in advance? How honest was it really?\" \/>\n<meta property=\"og:url\" content=\"https:\/\/pro.ba\/en\/films-and-drama-series\/this-day-in-history\/\" \/>\n<meta property=\"og:site_name\" content=\"pro.ba\" \/>\n<meta property=\"article:publisher\" content=\"https:\/\/www.facebook.com\/SCCApro.ba\" \/>\n<meta property=\"article:published_time\" content=\"2008-02-15T13:57:36+00:00\" \/>\n<meta property=\"article:modified_time\" content=\"2022-12-17T13:32:38+00:00\" \/>\n<meta property=\"og:image\" content=\"https:\/\/pro.ba\/app\/uploads\/2011\/02\/Desilo-se-na-danasnji-dan.jpg\" \/>\n\t<meta property=\"og:image:width\" content=\"700\" \/>\n\t<meta property=\"og:image:height\" content=\"1000\" \/>\n\t<meta property=\"og:image:type\" content=\"image\/jpeg\" \/>\n<meta name=\"author\" content=\"adis\" \/>\n<meta name=\"twitter:card\" content=\"summary_large_image\" \/>\n<meta name=\"twitter:label1\" content=\"Written by\" \/>\n\t<meta name=\"twitter:data1\" content=\"adis\" \/>\n\t<meta name=\"twitter:label2\" content=\"Est. reading time\" \/>\n\t<meta name=\"twitter:data2\" content=\"2 minutes\" \/>\n<script type=\"application\/ld+json\" class=\"yoast-schema-graph\">{\"@context\":\"https:\/\/schema.org\",\"@graph\":[{\"@type\":\"Article\",\"@id\":\"https:\/\/pro.ba\/en\/films-and-drama-series\/this-day-in-history\/#article\",\"isPartOf\":{\"@id\":\"https:\/\/pro.ba\/en\/films-and-drama-series\/this-day-in-history\/\"},\"author\":{\"name\":\"adis\",\"@id\":\"https:\/\/pro.ba\/#\/schema\/person\/068e053bd4c0aac5bc008057a2ec4035\"},\"headline\":\"This Day in History\",\"datePublished\":\"2008-02-15T13:57:36+00:00\",\"dateModified\":\"2022-12-17T13:32:38+00:00\",\"mainEntityOfPage\":{\"@id\":\"https:\/\/pro.ba\/en\/films-and-drama-series\/this-day-in-history\/\"},\"wordCount\":201,\"publisher\":{\"@id\":\"https:\/\/pro.ba\/#organization\"},\"image\":{\"@id\":\"https:\/\/pro.ba\/en\/films-and-drama-series\/this-day-in-history\/#primaryimage\"},\"thumbnailUrl\":\"https:\/\/pro.ba\/app\/uploads\/2011\/02\/Desilo-se-na-danasnji-dan.jpg\",\"articleSection\":[\"Films and Drama Series\"],\"inLanguage\":\"en-US\"},{\"@type\":\"WebPage\",\"@id\":\"https:\/\/pro.ba\/en\/films-and-drama-series\/this-day-in-history\/\",\"url\":\"https:\/\/pro.ba\/en\/films-and-drama-series\/this-day-in-history\/\",\"name\":\"This Day in History - pro.ba\",\"isPartOf\":{\"@id\":\"https:\/\/pro.ba\/#website\"},\"primaryImageOfPage\":{\"@id\":\"https:\/\/pro.ba\/en\/films-and-drama-series\/this-day-in-history\/#primaryimage\"},\"image\":{\"@id\":\"https:\/\/pro.ba\/en\/films-and-drama-series\/this-day-in-history\/#primaryimage\"},\"thumbnailUrl\":\"https:\/\/pro.ba\/app\/uploads\/2011\/02\/Desilo-se-na-danasnji-dan.jpg\",\"datePublished\":\"2008-02-15T13:57:36+00:00\",\"dateModified\":\"2022-12-17T13:32:38+00:00\",\"breadcrumb\":{\"@id\":\"https:\/\/pro.ba\/en\/films-and-drama-series\/this-day-in-history\/#breadcrumb\"},\"inLanguage\":\"en-US\",\"potentialAction\":[{\"@type\":\"ReadAction\",\"target\":[\"https:\/\/pro.ba\/en\/films-and-drama-series\/this-day-in-history\/\"]}]},{\"@type\":\"ImageObject\",\"inLanguage\":\"en-US\",\"@id\":\"https:\/\/pro.ba\/en\/films-and-drama-series\/this-day-in-history\/#primaryimage\",\"url\":\"https:\/\/pro.ba\/app\/uploads\/2011\/02\/Desilo-se-na-danasnji-dan.jpg\",\"contentUrl\":\"https:\/\/pro.ba\/app\/uploads\/2011\/02\/Desilo-se-na-danasnji-dan.jpg\",\"width\":700,\"height\":1000},{\"@type\":\"BreadcrumbList\",\"@id\":\"https:\/\/pro.ba\/en\/films-and-drama-series\/this-day-in-history\/#breadcrumb\",\"itemListElement\":[{\"@type\":\"ListItem\",\"position\":1,\"name\":\"Home\",\"item\":\"https:\/\/pro.ba\/\"},{\"@type\":\"ListItem\",\"position\":2,\"name\":\"Films and Drama Series\",\"item\":\"https:\/\/pro.ba\/en\/category\/films-and-drama-series\/\"},{\"@type\":\"ListItem\",\"position\":3,\"name\":\"This Day in History\"}]},{\"@type\":\"WebSite\",\"@id\":\"https:\/\/pro.ba\/#website\",\"url\":\"https:\/\/pro.ba\/\",\"name\":\"pro.ba\",\"description\":\"Sarajevo Center for Contemporary Arts\",\"publisher\":{\"@id\":\"https:\/\/pro.ba\/#organization\"},\"potentialAction\":[{\"@type\":\"SearchAction\",\"target\":{\"@type\":\"EntryPoint\",\"urlTemplate\":\"https:\/\/pro.ba\/?s={search_term_string}\"},\"query-input\":{\"@type\":\"PropertyValueSpecification\",\"valueRequired\":true,\"valueName\":\"search_term_string\"}}],\"inLanguage\":\"en-US\"},{\"@type\":\"Organization\",\"@id\":\"https:\/\/pro.ba\/#organization\",\"name\":\"pro.ba\",\"url\":\"https:\/\/pro.ba\/\",\"logo\":{\"@type\":\"ImageObject\",\"inLanguage\":\"en-US\",\"@id\":\"https:\/\/pro.ba\/#\/schema\/logo\/image\/\",\"url\":\"https:\/\/pro.ba\/app\/uploads\/2022\/12\/proba-profile.png\",\"contentUrl\":\"https:\/\/pro.ba\/app\/uploads\/2022\/12\/proba-profile.png\",\"width\":1601,\"height\":900,\"caption\":\"pro.ba\"},\"image\":{\"@id\":\"https:\/\/pro.ba\/#\/schema\/logo\/image\/\"},\"sameAs\":[\"https:\/\/www.facebook.com\/SCCApro.ba\"]},{\"@type\":\"Person\",\"@id\":\"https:\/\/pro.ba\/#\/schema\/person\/068e053bd4c0aac5bc008057a2ec4035\",\"name\":\"adis\",\"image\":{\"@type\":\"ImageObject\",\"inLanguage\":\"en-US\",\"@id\":\"https:\/\/pro.ba\/#\/schema\/person\/image\/\",\"url\":\"https:\/\/secure.gravatar.com\/avatar\/3fb8fb196fff875a30e55a80025157a7?s=96&d=mm&r=g\",\"contentUrl\":\"https:\/\/secure.gravatar.com\/avatar\/3fb8fb196fff875a30e55a80025157a7?s=96&d=mm&r=g\",\"caption\":\"adis\"},\"sameAs\":[\"https:\/\/pro.ba\"],\"url\":\"https:\/\/pro.ba\/en\/author\/adis\/\"}]}<\/script>\n<!-- \/ Yoast SEO plugin. -->","yoast_head_json":{"title":"This Day in History - pro.ba","robots":{"index":"index","follow":"follow","max-snippet":"max-snippet:-1","max-image-preview":"max-image-preview:large","max-video-preview":"max-video-preview:-1"},"canonical":"https:\/\/pro.ba\/en\/films-and-drama-series\/this-day-in-history\/","og_locale":"en_US","og_type":"article","og_title":"This Day in History - pro.ba","og_description":"It was the day when the idea of civil society in Bosnia and Herzegovina was both born and killed at the same time. It was a unique moment of triumph of civic consciousness that recognized the danger of a vampiric nationalism that was rapidly arming itself. However, the hope the citizens in the Assembly gave to their homeland was short-lived and was trampled on that same day. Almost seventeen years later, it seems like the right time to investigate the crime that occured on April 5th. What actually happened on this day? Were the events in front of the Assembly an organized civil action or a spontaneous gathering of concerned individuals aware of the ruin that B&H is heading towards? Was this act doomed in advance? How honest was it really?","og_url":"https:\/\/pro.ba\/en\/films-and-drama-series\/this-day-in-history\/","og_site_name":"pro.ba","article_publisher":"https:\/\/www.facebook.com\/SCCApro.ba","article_published_time":"2008-02-15T13:57:36+00:00","article_modified_time":"2022-12-17T13:32:38+00:00","og_image":[{"width":700,"height":1000,"url":"https:\/\/pro.ba\/app\/uploads\/2011\/02\/Desilo-se-na-danasnji-dan.jpg","type":"image\/jpeg"}],"author":"adis","twitter_card":"summary_large_image","twitter_misc":{"Written by":"adis","Est. reading time":"2 minutes"},"schema":{"@context":"https:\/\/schema.org","@graph":[{"@type":"Article","@id":"https:\/\/pro.ba\/en\/films-and-drama-series\/this-day-in-history\/#article","isPartOf":{"@id":"https:\/\/pro.ba\/en\/films-and-drama-series\/this-day-in-history\/"},"author":{"name":"adis","@id":"https:\/\/pro.ba\/#\/schema\/person\/068e053bd4c0aac5bc008057a2ec4035"},"headline":"This Day in History","datePublished":"2008-02-15T13:57:36+00:00","dateModified":"2022-12-17T13:32:38+00:00","mainEntityOfPage":{"@id":"https:\/\/pro.ba\/en\/films-and-drama-series\/this-day-in-history\/"},"wordCount":201,"publisher":{"@id":"https:\/\/pro.ba\/#organization"},"image":{"@id":"https:\/\/pro.ba\/en\/films-and-drama-series\/this-day-in-history\/#primaryimage"},"thumbnailUrl":"https:\/\/pro.ba\/app\/uploads\/2011\/02\/Desilo-se-na-danasnji-dan.jpg","articleSection":["Films and Drama Series"],"inLanguage":"en-US"},{"@type":"WebPage","@id":"https:\/\/pro.ba\/en\/films-and-drama-series\/this-day-in-history\/","url":"https:\/\/pro.ba\/en\/films-and-drama-series\/this-day-in-history\/","name":"This Day in History - pro.ba","isPartOf":{"@id":"https:\/\/pro.ba\/#website"},"primaryImageOfPage":{"@id":"https:\/\/pro.ba\/en\/films-and-drama-series\/this-day-in-history\/#primaryimage"},"image":{"@id":"https:\/\/pro.ba\/en\/films-and-drama-series\/this-day-in-history\/#primaryimage"},"thumbnailUrl":"https:\/\/pro.ba\/app\/uploads\/2011\/02\/Desilo-se-na-danasnji-dan.jpg","datePublished":"2008-02-15T13:57:36+00:00","dateModified":"2022-12-17T13:32:38+00:00","breadcrumb":{"@id":"https:\/\/pro.ba\/en\/films-and-drama-series\/this-day-in-history\/#breadcrumb"},"inLanguage":"en-US","potentialAction":[{"@type":"ReadAction","target":["https:\/\/pro.ba\/en\/films-and-drama-series\/this-day-in-history\/"]}]},{"@type":"ImageObject","inLanguage":"en-US","@id":"https:\/\/pro.ba\/en\/films-and-drama-series\/this-day-in-history\/#primaryimage","url":"https:\/\/pro.ba\/app\/uploads\/2011\/02\/Desilo-se-na-danasnji-dan.jpg","contentUrl":"https:\/\/pro.ba\/app\/uploads\/2011\/02\/Desilo-se-na-danasnji-dan.jpg","width":700,"height":1000},{"@type":"BreadcrumbList","@id":"https:\/\/pro.ba\/en\/films-and-drama-series\/this-day-in-history\/#breadcrumb","itemListElement":[{"@type":"ListItem","position":1,"name":"Home","item":"https:\/\/pro.ba\/"},{"@type":"ListItem","position":2,"name":"Films and Drama Series","item":"https:\/\/pro.ba\/en\/category\/films-and-drama-series\/"},{"@type":"ListItem","position":3,"name":"This Day in History"}]},{"@type":"WebSite","@id":"https:\/\/pro.ba\/#website","url":"https:\/\/pro.ba\/","name":"pro.ba","description":"Sarajevo Center for Contemporary Arts","publisher":{"@id":"https:\/\/pro.ba\/#organization"},"potentialAction":[{"@type":"SearchAction","target":{"@type":"EntryPoint","urlTemplate":"https:\/\/pro.ba\/?s={search_term_string}"},"query-input":{"@type":"PropertyValueSpecification","valueRequired":true,"valueName":"search_term_string"}}],"inLanguage":"en-US"},{"@type":"Organization","@id":"https:\/\/pro.ba\/#organization","name":"pro.ba","url":"https:\/\/pro.ba\/","logo":{"@type":"ImageObject","inLanguage":"en-US","@id":"https:\/\/pro.ba\/#\/schema\/logo\/image\/","url":"https:\/\/pro.ba\/app\/uploads\/2022\/12\/proba-profile.png","contentUrl":"https:\/\/pro.ba\/app\/uploads\/2022\/12\/proba-profile.png","width":1601,"height":900,"caption":"pro.ba"},"image":{"@id":"https:\/\/pro.ba\/#\/schema\/logo\/image\/"},"sameAs":["https:\/\/www.facebook.com\/SCCApro.ba"]},{"@type":"Person","@id":"https:\/\/pro.ba\/#\/schema\/person\/068e053bd4c0aac5bc008057a2ec4035","name":"adis","image":{"@type":"ImageObject","inLanguage":"en-US","@id":"https:\/\/pro.ba\/#\/schema\/person\/image\/","url":"https:\/\/secure.gravatar.com\/avatar\/3fb8fb196fff875a30e55a80025157a7?s=96&d=mm&r=g","contentUrl":"https:\/\/secure.gravatar.com\/avatar\/3fb8fb196fff875a30e55a80025157a7?s=96&d=mm&r=g","caption":"adis"},"sameAs":["https:\/\/pro.ba"],"url":"https:\/\/pro.ba\/en\/author\/adis\/"}]}},"fimg_url":"https:\/\/pro.ba\/app\/uploads\/2011\/02\/Desilo-se-na-danasnji-dan-400x280.jpg","_links":{"self":[{"href":"https:\/\/pro.ba\/en\/wp-json\/wp\/v2\/posts\/2002"}],"collection":[{"href":"https:\/\/pro.ba\/en\/wp-json\/wp\/v2\/posts"}],"about":[{"href":"https:\/\/pro.ba\/en\/wp-json\/wp\/v2\/types\/post"}],"author":[{"embeddable":true,"href":"https:\/\/pro.ba\/en\/wp-json\/wp\/v2\/users\/5"}],"replies":[{"embeddable":true,"href":"https:\/\/pro.ba\/en\/wp-json\/wp\/v2\/comments?post=2002"}],"version-history":[{"count":2,"href":"https:\/\/pro.ba\/en\/wp-json\/wp\/v2\/posts\/2002\/revisions"}],"predecessor-version":[{"id":4887,"href":"https:\/\/pro.ba\/en\/wp-json\/wp\/v2\/posts\/2002\/revisions\/4887"}],"wp:featuredmedia":[{"embeddable":true,"href":"https:\/\/pro.ba\/en\/wp-json\/wp\/v2\/media\/1368"}],"wp:attachment":[{"href":"https:\/\/pro.ba\/en\/wp-json\/wp\/v2\/media?parent=2002"}],"wp:term":[{"taxonomy":"category","embeddable":true,"href":"https:\/\/pro.ba\/en\/wp-json\/wp\/v2\/categories?post=2002"},{"taxonomy":"post_tag","embeddable":true,"href":"https:\/\/pro.ba\/en\/wp-json\/wp\/v2\/tags?post=2002"}],"curies":[{"name":"wp","href":"https:\/\/api.w.org\/{rel}","templated":true}]}}